{"provider_url": "https://www.trajanodemoraes.rj.leg.br", "title": "Estrutura", "html": "<p class=\" \"><span>I \u2013 Mesa Diretora;</span></p>\r\n<ul>\r\n<li><span>Presidente:\u00a0<span>savio.vereador@trajanodemoraes.rj.leg.br</span></span></li>\r\n<li><span>Vice-Presidente:\u00a0<span>daniel.vereador@trajanodemoraes.rj.leg.br</span></span></li>\r\n<li><span>Primeiro Secret\u00e1rio:\u00a0<span>gabriel.vereador@trajanodemoraes.rj.leg.br</span></span></li>\r\n<li><span>Segundo Secret\u00e1rio:\u00a0<span>isis.vereadora@trajanodemoraes.rj.leg.br</span></span></li>\r\n</ul>\r\n<p>I-A \u2013 Gabinete do Vereador;</p>\r\n<p>II \u2013 Controladoria Interna do Poder Legislativo;</p>\r\n<p style=\"padding-left: 30px; \"><span>controladoriainterna@trajanodemoraes.rj.leg.br</span></p>\r\n<p>III \u2013 Procuradoria do Poder Legislativo;</p>\r\n<p style=\"padding-left: 30px; \"><span>procuradoria@trajanodemoraes.rj.leg.br</span></p>\r\n<p>IV \u2013 Secretaria Geral;</p>\r\n<p style=\"padding-left: 30px; \"><span>secretariageral@trajanodemoraes.rj.leg.br</span></p>\r\n<p>V \u2013 Departamento Cont\u00e1bil e Financeiro;</p>\r\n<p style=\"padding-left: 30px; \"><span>contabilidade@trajanodemoraes.rj.leg.br</span></p>\r\n<p>VI \u2013 Chefia do Setor de Almoxarifado e Patrim\u00f4nio;</p>\r\n<p style=\"padding-left: 30px; \"><span>camara@trajanodemoraes.rj.leg.br</span></p>\r\n<p>VII \u2013 Chefia do Setor de Recursos Humanos;</p>\r\n<p style=\"padding-left: 30px; \"><span>recursoshumanos@trajanodemoraes.rj.leg.br</span></p>\r\n<p>VIII \u2013 Comiss\u00e3o de Licita\u00e7\u00e3o.</p>\r\n<p style=\"padding-left: 30px; \"><span>licitacao@trajanodemoraes.rj.leg.br</span></p>", "author_name": "Interlegis", "version": "1.0", "author_url": "https://www.trajanodemoraes.rj.leg.br/author/Interlegis", "provider_name": "C\u00e2mara Municipal de Trajano de Moraes", "type": "rich"}