{"provider_url": "https://www.trajanodemoraes.rj.leg.br", "title": "Hist\u00f3ria do Munic\u00edpio", "html": "<h2 style=\"text-align: center; \"><img src=\"https://www.trajanodemoraes.rj.leg.br/imagens/trajano-de-moraes\" alt=\"TRAJANO DE MORAES - 1950\" class=\"image-inline\" title=\"TRAJANO DE MORAES - 1950\" /></h2>\r\n<p>\u00a0</p>\r\n<p style=\"text-align: justify; \">O desbravamento do munic\u00edpio de Trajano de Moraes est\u00e1 ligado aos portugueses estabelecidos nas baixadas que subiram a serra, em busca de riquezas. Os veios de ouro n\u00e3o existiam, mas logo eles descobriram um outro tipo de riqueza: o caf\u00e9. Os colonos portugueses e a m\u00e3o-de-obra escrava tornaram a terra produtiva e dela extra\u00edram grandes fortunas. Em 1881 chegava os primeiros colonos europeus a regi\u00e3o, atra\u00eddos pelos cafezais.</p>\r\n<p style=\"text-align: justify; \">Sabe-se que o primeiro n\u00facleo populacional se formou em volta da Capela Nosso Senhor dos Passos, em 1840, situada na atual S\u00e3o Francisco de Paula. A agricultura fez com que S\u00e3o Francisco de Paula vivesse um per\u00edodo de impon\u00eancia, os bar\u00f5es do caf\u00e9 vestiam-se de acordo com a moeda e costumes vivido pela popula\u00e7\u00e3o da capital. Criaram os jornais que circulavam na localidade, a banda de m\u00fasica, desenvolveram o com\u00e9rcio, etc.</p>\r\n<p style=\"text-align: justify; \">Em 1846, em decorr\u00eancia do desenvolvimento alcan\u00e7ado pela regi\u00e3o atrav\u00e9s da cultura cafeeira e por influ\u00eancia de Jos\u00e9 Ant\u00f4nio de Moraes, propriet\u00e1rio da fazenda Aurora, o n\u00facleo foi elevado \u00e0 categoria de freguesia, sob a denomina\u00e7\u00e3o de S\u00e3o Francisco de Paula, ent\u00e3o pertencente ao munic\u00edpio de Cantagalo. Em virtude da emancipa\u00e7\u00e3o de Santa Maria Madalena, no ano de 1861, essa freguesia foi incorporada ao territ\u00f3rio desse novo munic\u00edpio fluminense. Com a aboli\u00e7\u00e3o da escravatura e esgotamento dos solos, toda a economia da regi\u00e3o ficou abalada. No intuito de atenuar a crise econ\u00f4mica, o governo decretou a cria\u00e7\u00e3o do munic\u00edpio de S\u00e3o Francisco de Paula, atrav\u00e9s do Decreto n.\u00ba 178, de 12 de mar\u00e7o de 1891, instalado em 25 de abril do mesmo ano, tendo a freguesia sido elevada \u00e0 categoria de vila e sede do novo munic\u00edpio.</p>\r\n<p style=\"text-align: justify; \">Com a chegada da linha f\u00e9rrea, em 1893, na localidade denominada Ventania, foi inaugurada a esta\u00e7\u00e3o ferrovi\u00e1ria Dr. Trajano de Moraes, um novo n\u00facleo populacional se formou ao redor da linha f\u00e9rrea. Essa localidade desenvolveu-se com tal rapidez que o governo transferiu para l\u00e1 a sede municipal, em 1915. Entre 1919 e 1923, a sede do munic\u00edpio foi temporariamente alterada para a localidade onde ficava a esta\u00e7\u00e3o de Aurora, atual Visconde de Imb\u00e9. Em 1923, a sede do munic\u00edpio foi novamente transferida para Vila Ventania (hoje Trajano de Moraes).</p>\r\n<p style=\"text-align: justify; \">Em 27 de dezembro de 1929, o Coronel Alfredo Lopes Martins mudou o nome do munic\u00edpio de S\u00e3o Francisco de Paula para Trajano de Moraes.</p>\r\n<p style=\"text-align: justify; \">Foram pol\u00edticos influentes da \u00e9poca: Jos\u00e9 Ant\u00f4nio de Moraes, Visconde de Imb\u00e9, fazendeiros da Fazenda Aurora, Trajano Ant\u00f4nio de Moraes (que mais tarde daria o nome \u00e0 sede do munic\u00edpio), entre outros.</p>\r\n<p style=\"text-align: justify; \">\u00a0</p>\r\n<h2 style=\"text-align: justify; \"><strong>Quem foi Trajano de Moraes?</strong></h2>\r\n<p style=\"text-align: justify; \">Trajano Ant\u00f4nio de Moraes nasceu na Fazenda Aurora e era filho de Jos\u00e9 Ant\u00f4nio de Moraes (o Visconde de Imb\u00e9) e Leopoldina Neves de Moraes (a Viscondessa de Imb\u00e9). Era um homem influente de sua \u00e9poca e um grande fazendeiro, propriet\u00e1rio das fazendas de Santo In\u00e1cio, Barro Alto e Retiro. O Comendador Trajano Ant\u00f4nio de Moraes faleceu em 1911.</p>", "author_name": "", "version": "1.0", "author_url": "https://www.trajanodemoraes.rj.leg.br/author/adm", "provider_name": "C\u00e2mara Municipal de Trajano de Moraes", "type": "rich"}